{"id":6,"date":"2023-10-16T14:18:21","date_gmt":"2023-10-16T14:18:21","guid":{"rendered":"https:\/\/www.granadilladeabona.org\/buscador\/2023\/10\/16\/granadilla-de-abona-desarrolla-un-proyecto-que-refuerza-la-ciberseguridad-de-la-red-municipal\/"},"modified":"2024-07-24T10:48:43","modified_gmt":"2024-07-24T10:48:43","slug":"granadilla-de-abona-desarrolla-un-proyecto-que-refuerza-la-ciberseguridad-de-la-red-municipal","status":"publish","type":"post","link":"https:\/\/www.granadilladeabona.org\/buscador\/2023\/10\/16\/granadilla-de-abona-desarrolla-un-proyecto-que-refuerza-la-ciberseguridad-de-la-red-municipal\/","title":{"rendered":"Granadilla de Abona desarrolla un proyecto que refuerza la ciberseguridad de la red municipal"},"content":{"rendered":"<h3 class=\"western\" align=\"justify\"><span style=\"font-family: Times New Roman, serif;\"><span style=\"font-size: medium;\"><span style=\"font-family: Calibri, sans-serif;\"><span style=\"font-size: x-large;\">El presupuesto asciende a 190.592,09 euros y procede de las subvenciones europeas <\/span><\/span><span style=\"font-family: Calibri, sans-serif;\"><span style=\"font-size: x-large;\"><i>Next Generation<\/i><\/span><\/span><span style=\"font-family: Calibri, sans-serif;\"><span style=\"font-size: x-large;\"> y de los fondos PRTR<\/span><\/span><\/span><\/span><\/h3>\n<p class=\"western\" align=\"justify\"><span style=\"font-family: Times New Roman, serif;\"><span style=\"font-size: medium;\"><span style=\"font-family: Calibri, sans-serif;\"><span style=\"font-size: large;\">El Ayuntamiento de Granadilla de Abona <\/span><\/span><span style=\"color: #000000;\"><span style=\"font-family: Calibri, sans-serif;\"><span style=\"font-size: large;\"><span lang=\"es-ES\">refuerza la <\/span><\/span><\/span><\/span><span style=\"font-family: Calibri, sans-serif;\"><span style=\"font-size: large;\"> ciberseguridad de su red a trav\u00e9s de un proyecto financiado con fondos europeos <\/span><\/span><span style=\"font-family: Calibri, sans-serif;\"><span style=\"font-size: large;\"><i>Next Generation,<\/i><\/span><\/span><span style=\"font-family: Calibri, sans-serif;\"><span style=\"font-size: large;\"> en el marco del Plan de Recuperaci\u00f3n, Transformaci\u00f3n y Resiliencia (PRTR), y cuyo importe global asciende a 190.592,09 euros. Esta actuaci\u00f3n, realizada a trav\u00e9s de la concejal\u00eda de Buen Gobierno cuyo responsable es \u00d3scar Delgado Melo, se denomina Proyecto SOC Granadilla (Centro de Operaciones y Seguridad por sus siglas en ingl\u00e9s).<\/span><\/span><\/span><\/span><\/p>\n<p class=\"western\" align=\"justify\"><span style=\"font-family: Times New Roman, serif;\"><span style=\"font-size: medium;\"><span style=\"font-family: Calibri, sans-serif;\"><span style=\"font-size: large;\">\u00d3scar Delgado explica que con este tipo de acciones, que se estima que tendr\u00e1n una continuidad en el tiempo, se trata de reforzar y dotar de una mayor seguridad a la red municipal, lo que supone garantizar <\/span><\/span><span style=\"color: #000000;\"><span style=\"font-family: Calibri, sans-serif;\"><span style=\"font-size: large;\"><span lang=\"es-ES\">la<\/span><\/span><\/span><\/span><span style=\"font-family: Calibri, sans-serif;\"><span style=\"font-size: large;\"> protecci\u00f3n de los datos de la propia administraci\u00f3n p\u00fablica, y lo que todo ello conlleva, tanto desde el punto de vista de la informaci\u00f3n interna como la externa, en cuanto a servicios a la ciudadan\u00eda, empresas, etc\u00e9tera. <\/span><\/span><\/span><\/span><\/p>\n<p class=\"western\" align=\"justify\"><span style=\"font-family: Times New Roman, serif;\"><span style=\"font-size: medium;\"><span style=\"font-family: Calibri, sans-serif;\"><span style=\"font-size: large;\">Este PRTR, centr\u00e1ndose el 100% de la subvenci\u00f3n para actuaciones en materia de ciberseguridad, se basa en tres pilares fundamentales:<\/span><\/span><span style=\"font-family: Calibri, sans-serif;\"><span style=\"font-size: large;\"><b> la consultor\u00eda<\/b><\/span><\/span><span style=\"font-family: Calibri, sans-serif;\"><span style=\"font-size: large;\"> del Esquema Nacional de Seguridad (ENS), a trav\u00e9s de la cual se deben cumplir unas l\u00edneas estrat\u00e9gicas por parte de todas las administraciones p\u00fablicas. Esto supone una actualizaci\u00f3n de la pol\u00edticas de seguridad, un inventariado de los servicios e informaci\u00f3n municipales, informes de diagn\u00f3stico, un cat\u00e1logo b\u00e1sico de amenazas, un plan de seguridad y la actualizaci\u00f3n y creaci\u00f3n de normativas y procedimientos de seguridad en base al Real Decreto 311\/2022 , de 3 de mayo, por el que se regula el Esquema Nacional de Seguridad. <\/span><\/span><\/span><\/span><\/p>\n<p class=\"western\" align=\"justify\"><span style=\"font-family: Times New Roman, serif;\"><span style=\"font-size: medium;\"><span style=\"font-family: Calibri, sans-serif;\"><span style=\"font-size: large;\">El segundo pilar del proyecto es <\/span><\/span><span style=\"font-family: Calibri, sans-serif;\"><span style=\"font-size: large;\"><b>la seguridad perimetral,<\/b><\/span><\/span><span style=\"font-family: Calibri, sans-serif;\"><span style=\"font-size: large;\"> cuyo objetivo es implementar equipos f\u00edsicos de protecci\u00f3n en cuanto a seguridad inform\u00e1tica se refiere. Con ello se protege la red contra amenazas externas e internas y se mejora la detecci\u00f3n y prevenci\u00f3n de amenazas avanzadas en la red, entre otras cuestiones. Y el tercer pilar es el <\/span><\/span><span style=\"font-family: Calibri, sans-serif;\"><span style=\"font-size: large;\"><b>filtrado de correo electr\u00f3nico, <\/b><\/span><\/span><span style=\"font-family: Calibri, sans-serif;\"><span style=\"font-size: large;\">implant\u00e1ndose sistemas de revisi\u00f3n y filtrado de emails, spam y protecci\u00f3n de URLS, entre otros asuntos.<\/span><\/span><\/span><\/span><\/p>\n<p class=\"western\" align=\"justify\"><span style=\"font-family: Times New Roman, serif;\"><span style=\"font-size: medium;\"><span style=\"color: #000000;\"><span style=\"font-family: Calibri, sans-serif;\"><span style=\"font-size: large;\"><span lang=\"es-ES\">Con<\/span><\/span><\/span><\/span><span style=\"font-family: Calibri, sans-serif;\"><span style=\"font-size: large;\"> ello lo que se pretende, seg\u00fan el concejal, es garantizar la seguridad de todos los datos que maneja la administraci\u00f3n municipal, a trav\u00e9s de las herramientas inform\u00e1ticas m\u00e1s avanzadas con las que se cuenta en la actualidad.<\/span><\/span><\/span><\/span><\/p>\n<p style=\"text-align: center;\" align=\"justify\"><a href=\"http:\/\/www.granadilladeabona.org\/buscador\/buscador\/wp-content\/uploads\/sites\/2\/2024\/07\/logoprtr3.png\"><img loading=\"lazy\" decoding=\"async\" class=\"alignnone size-medium wp-image-7\" src=\"http:\/\/www.granadilladeabona.org\/buscador\/buscador\/wp-content\/uploads\/sites\/2\/2024\/07\/logoprtr3-300x54.png\" alt=\"\" width=\"300\" height=\"54\" srcset=\"https:\/\/www.granadilladeabona.org\/buscador\/wp-content\/uploads\/sites\/2\/2024\/07\/logoprtr3-300x54.png 300w, https:\/\/www.granadilladeabona.org\/buscador\/wp-content\/uploads\/sites\/2\/2024\/07\/logoprtr3-375x67.png 375w, https:\/\/www.granadilladeabona.org\/buscador\/wp-content\/uploads\/sites\/2\/2024\/07\/logoprtr3.png 530w\" sizes=\"auto, (max-width: 300px) 100vw, 300px\" \/><\/a><a href=\"http:\/\/www.granadilladeabona.org\/buscador\/buscador\/wp-content\/uploads\/sites\/2\/2024\/07\/logoprtr2.png\"><img loading=\"lazy\" decoding=\"async\" class=\"alignnone size-medium wp-image-8\" src=\"http:\/\/www.granadilladeabona.org\/buscador\/buscador\/wp-content\/uploads\/sites\/2\/2024\/07\/logoprtr2.png\" alt=\"\" width=\"192\" height=\"95\" \/><\/a><a href=\"http:\/\/www.granadilladeabona.org\/buscador\/buscador\/wp-content\/uploads\/sites\/2\/2024\/07\/logoprtr1.png\"><img loading=\"lazy\" decoding=\"async\" class=\"alignnone size-medium wp-image-9\" src=\"http:\/\/www.granadilladeabona.org\/buscador\/buscador\/wp-content\/uploads\/sites\/2\/2024\/07\/logoprtr1-300x56.png\" alt=\"\" width=\"300\" height=\"56\" srcset=\"https:\/\/www.granadilladeabona.org\/buscador\/wp-content\/uploads\/sites\/2\/2024\/07\/logoprtr1-300x56.png 300w, https:\/\/www.granadilladeabona.org\/buscador\/wp-content\/uploads\/sites\/2\/2024\/07\/logoprtr1-375x70.png 375w, https:\/\/www.granadilladeabona.org\/buscador\/wp-content\/uploads\/sites\/2\/2024\/07\/logoprtr1.png 508w\" sizes=\"auto, (max-width: 300px) 100vw, 300px\" \/><\/a><\/p>\n","protected":false},"excerpt":{"rendered":"<p>El presupuesto asciende a 190.592,09 euros y procede de las subvenciones europeas Next Generation y de los fondos PRTR El Ayuntamiento de Granadilla de Abona refuerza la ciberseguridad de suLeer M\u00e1s<\/p>\n<div><a class=\"more\" href=\"https:\/\/www.granadilladeabona.org\/buscador\/2023\/10\/16\/granadilla-de-abona-desarrolla-un-proyecto-que-refuerza-la-ciberseguridad-de-la-red-municipal\/\">Read more<\/a><\/div>","protected":false},"author":9,"featured_media":10,"comment_status":"closed","ping_status":"closed","sticky":false,"template":"","format":"standard","meta":{"_acf_changed":false,"footnotes":""},"categories":[3,4,5],"tags":[2],"class_list":["post-6","post","type-post","status-publish","format-standard","has-post-thumbnail","hentry","category-destacados","category-en-portada","category-noticias","tag-nuevas-tecnologias"],"acf":[],"yoast_head":"<!-- This site is optimized with the Yoast SEO plugin v27.1.1 - https:\/\/yoast.com\/product\/yoast-seo-wordpress\/ -->\n<title>Granadilla de Abona desarrolla un proyecto que refuerza la ciberseguridad de la red municipal - Buscador<\/title>\n<meta name=\"robots\" content=\"index, follow, max-snippet:-1, max-image-preview:large, max-video-preview:-1\" \/>\n<link rel=\"canonical\" href=\"https:\/\/www.granadilladeabona.org\/buscador\/2023\/10\/16\/granadilla-de-abona-desarrolla-un-proyecto-que-refuerza-la-ciberseguridad-de-la-red-municipal\/\" \/>\n<meta property=\"og:locale\" content=\"es_ES\" \/>\n<meta property=\"og:type\" content=\"article\" \/>\n<meta property=\"og:title\" content=\"Granadilla de Abona desarrolla un proyecto que refuerza la ciberseguridad de la red municipal\" \/>\n<meta property=\"og:description\" content=\"El presupuesto asciende a 190.592,09 euros y procede de las subvenciones europeas Next Generation y de los fondos PRTR El Ayuntamiento de Granadilla de Abona refuerza la ciberseguridad de suLeer M\u00e1s\" \/>\n<meta property=\"og:url\" content=\"https:\/\/www.granadilladeabona.org\/buscador\/2023\/10\/16\/granadilla-de-abona-desarrolla-un-proyecto-que-refuerza-la-ciberseguridad-de-la-red-municipal\/\" \/>\n<meta property=\"og:site_name\" content=\"Buscador\" \/>\n<meta property=\"article:published_time\" content=\"2023-10-16T14:18:21+00:00\" \/>\n<meta property=\"article:modified_time\" content=\"2024-07-24T10:48:43+00:00\" \/>\n<meta name=\"author\" content=\"gparra\" \/>\n<meta name=\"twitter:card\" content=\"summary_large_image\" \/>\n<meta name=\"twitter:title\" content=\"Granadilla de Abona desarrolla un proyecto que refuerza la ciberseguridad de la red municipal\" \/>\n<meta name=\"twitter:label1\" content=\"Written by\" \/>\n\t<meta name=\"twitter:data1\" content=\"gparra\" \/>\n\t<meta name=\"twitter:label2\" content=\"Est. reading time\" \/>\n\t<meta name=\"twitter:data2\" content=\"3 minutos\" \/>\n<script type=\"application\/ld+json\" class=\"yoast-schema-graph\">{\"@context\":\"https:\/\/schema.org\",\"@graph\":[{\"@type\":\"Article\",\"@id\":\"https:\/\/www.granadilladeabona.org\/buscador\/2023\/10\/16\/granadilla-de-abona-desarrolla-un-proyecto-que-refuerza-la-ciberseguridad-de-la-red-municipal\/#article\",\"isPartOf\":{\"@id\":\"https:\/\/www.granadilladeabona.org\/buscador\/2023\/10\/16\/granadilla-de-abona-desarrolla-un-proyecto-que-refuerza-la-ciberseguridad-de-la-red-municipal\/\"},\"author\":{\"name\":\"gparra\",\"@id\":\"https:\/\/www.granadilladeabona.org\/buscador\/#\/schema\/person\/bda11592b4d8109bdb00881f3bbaa818\"},\"headline\":\"Granadilla de Abona desarrolla un proyecto que refuerza la ciberseguridad de la red municipal\",\"datePublished\":\"2023-10-16T14:18:21+00:00\",\"dateModified\":\"2024-07-24T10:48:43+00:00\",\"mainEntityOfPage\":{\"@id\":\"https:\/\/www.granadilladeabona.org\/buscador\/2023\/10\/16\/granadilla-de-abona-desarrolla-un-proyecto-que-refuerza-la-ciberseguridad-de-la-red-municipal\/\"},\"wordCount\":441,\"image\":{\"@id\":\"https:\/\/www.granadilladeabona.org\/buscador\/2023\/10\/16\/granadilla-de-abona-desarrolla-un-proyecto-que-refuerza-la-ciberseguridad-de-la-red-municipal\/#primaryimage\"},\"thumbnailUrl\":\"https:\/\/www.granadilladeabona.org\/buscador\/wp-content\/uploads\/sites\/2\/2024\/07\/Ayuntamiento-Granadilla-de-Abona-scaled.jpg\",\"keywords\":[\"Nuevas Tecnolog\u00edas\"],\"articleSection\":[\"Destacados\",\"En portada\",\"Noticias\"],\"inLanguage\":\"es\"},{\"@type\":\"WebPage\",\"@id\":\"https:\/\/www.granadilladeabona.org\/buscador\/2023\/10\/16\/granadilla-de-abona-desarrolla-un-proyecto-que-refuerza-la-ciberseguridad-de-la-red-municipal\/\",\"url\":\"https:\/\/www.granadilladeabona.org\/buscador\/2023\/10\/16\/granadilla-de-abona-desarrolla-un-proyecto-que-refuerza-la-ciberseguridad-de-la-red-municipal\/\",\"name\":\"Granadilla de Abona desarrolla un proyecto que refuerza la ciberseguridad de la red municipal - Buscador\",\"isPartOf\":{\"@id\":\"https:\/\/www.granadilladeabona.org\/buscador\/#website\"},\"primaryImageOfPage\":{\"@id\":\"https:\/\/www.granadilladeabona.org\/buscador\/2023\/10\/16\/granadilla-de-abona-desarrolla-un-proyecto-que-refuerza-la-ciberseguridad-de-la-red-municipal\/#primaryimage\"},\"image\":{\"@id\":\"https:\/\/www.granadilladeabona.org\/buscador\/2023\/10\/16\/granadilla-de-abona-desarrolla-un-proyecto-que-refuerza-la-ciberseguridad-de-la-red-municipal\/#primaryimage\"},\"thumbnailUrl\":\"https:\/\/www.granadilladeabona.org\/buscador\/wp-content\/uploads\/sites\/2\/2024\/07\/Ayuntamiento-Granadilla-de-Abona-scaled.jpg\",\"datePublished\":\"2023-10-16T14:18:21+00:00\",\"dateModified\":\"2024-07-24T10:48:43+00:00\",\"author\":{\"@id\":\"https:\/\/www.granadilladeabona.org\/buscador\/#\/schema\/person\/bda11592b4d8109bdb00881f3bbaa818\"},\"breadcrumb\":{\"@id\":\"https:\/\/www.granadilladeabona.org\/buscador\/2023\/10\/16\/granadilla-de-abona-desarrolla-un-proyecto-que-refuerza-la-ciberseguridad-de-la-red-municipal\/#breadcrumb\"},\"inLanguage\":\"es\",\"potentialAction\":[{\"@type\":\"ReadAction\",\"target\":[\"https:\/\/www.granadilladeabona.org\/buscador\/2023\/10\/16\/granadilla-de-abona-desarrolla-un-proyecto-que-refuerza-la-ciberseguridad-de-la-red-municipal\/\"]}]},{\"@type\":\"ImageObject\",\"inLanguage\":\"es\",\"@id\":\"https:\/\/www.granadilladeabona.org\/buscador\/2023\/10\/16\/granadilla-de-abona-desarrolla-un-proyecto-que-refuerza-la-ciberseguridad-de-la-red-municipal\/#primaryimage\",\"url\":\"https:\/\/www.granadilladeabona.org\/buscador\/wp-content\/uploads\/sites\/2\/2024\/07\/Ayuntamiento-Granadilla-de-Abona-scaled.jpg\",\"contentUrl\":\"https:\/\/www.granadilladeabona.org\/buscador\/wp-content\/uploads\/sites\/2\/2024\/07\/Ayuntamiento-Granadilla-de-Abona-scaled.jpg\",\"width\":2560,\"height\":1707},{\"@type\":\"BreadcrumbList\",\"@id\":\"https:\/\/www.granadilladeabona.org\/buscador\/2023\/10\/16\/granadilla-de-abona-desarrolla-un-proyecto-que-refuerza-la-ciberseguridad-de-la-red-municipal\/#breadcrumb\",\"itemListElement\":[{\"@type\":\"ListItem\",\"position\":1,\"name\":\"Portada\",\"item\":\"https:\/\/www.granadilladeabona.org\/buscador\/\"},{\"@type\":\"ListItem\",\"position\":2,\"name\":\"Granadilla de Abona desarrolla un proyecto que refuerza la ciberseguridad de la red municipal\"}]},{\"@type\":\"WebSite\",\"@id\":\"https:\/\/www.granadilladeabona.org\/buscador\/#website\",\"url\":\"https:\/\/www.granadilladeabona.org\/buscador\/\",\"name\":\"Buscador\",\"description\":\"\",\"potentialAction\":[{\"@type\":\"SearchAction\",\"target\":{\"@type\":\"EntryPoint\",\"urlTemplate\":\"https:\/\/www.granadilladeabona.org\/buscador\/?s={search_term_string}\"},\"query-input\":{\"@type\":\"PropertyValueSpecification\",\"valueRequired\":true,\"valueName\":\"search_term_string\"}}],\"inLanguage\":\"es\"},{\"@type\":\"Person\",\"@id\":\"https:\/\/www.granadilladeabona.org\/buscador\/#\/schema\/person\/bda11592b4d8109bdb00881f3bbaa818\",\"name\":\"gparra\",\"image\":{\"@type\":\"ImageObject\",\"inLanguage\":\"es\",\"@id\":\"https:\/\/www.granadilladeabona.org\/buscador\/#\/schema\/person\/image\/\",\"url\":\"https:\/\/secure.gravatar.com\/avatar\/418afa75a57982eb7cc228ca01f2774e665ceccb7e15d7c52df80ef1e917e47b?s=96&d=mm&r=g\",\"contentUrl\":\"https:\/\/secure.gravatar.com\/avatar\/418afa75a57982eb7cc228ca01f2774e665ceccb7e15d7c52df80ef1e917e47b?s=96&d=mm&r=g\",\"caption\":\"gparra\"},\"url\":\"https:\/\/www.granadilladeabona.org\/buscador\/author\/gparra\/\"}]}<\/script>\n<!-- \/ Yoast SEO plugin. -->","yoast_head_json":{"title":"Granadilla de Abona desarrolla un proyecto que refuerza la ciberseguridad de la red municipal - Buscador","robots":{"index":"index","follow":"follow","max-snippet":"max-snippet:-1","max-image-preview":"max-image-preview:large","max-video-preview":"max-video-preview:-1"},"canonical":"https:\/\/www.granadilladeabona.org\/buscador\/2023\/10\/16\/granadilla-de-abona-desarrolla-un-proyecto-que-refuerza-la-ciberseguridad-de-la-red-municipal\/","og_locale":"es_ES","og_type":"article","og_title":"Granadilla de Abona desarrolla un proyecto que refuerza la ciberseguridad de la red municipal","og_description":"El presupuesto asciende a 190.592,09 euros y procede de las subvenciones europeas Next Generation y de los fondos PRTR El Ayuntamiento de Granadilla de Abona refuerza la ciberseguridad de suLeer M\u00e1s","og_url":"https:\/\/www.granadilladeabona.org\/buscador\/2023\/10\/16\/granadilla-de-abona-desarrolla-un-proyecto-que-refuerza-la-ciberseguridad-de-la-red-municipal\/","og_site_name":"Buscador","article_published_time":"2023-10-16T14:18:21+00:00","article_modified_time":"2024-07-24T10:48:43+00:00","author":"gparra","twitter_card":"summary_large_image","twitter_title":"Granadilla de Abona desarrolla un proyecto que refuerza la ciberseguridad de la red municipal","twitter_misc":{"Written by":"gparra","Est. reading time":"3 minutos"},"schema":{"@context":"https:\/\/schema.org","@graph":[{"@type":"Article","@id":"https:\/\/www.granadilladeabona.org\/buscador\/2023\/10\/16\/granadilla-de-abona-desarrolla-un-proyecto-que-refuerza-la-ciberseguridad-de-la-red-municipal\/#article","isPartOf":{"@id":"https:\/\/www.granadilladeabona.org\/buscador\/2023\/10\/16\/granadilla-de-abona-desarrolla-un-proyecto-que-refuerza-la-ciberseguridad-de-la-red-municipal\/"},"author":{"name":"gparra","@id":"https:\/\/www.granadilladeabona.org\/buscador\/#\/schema\/person\/bda11592b4d8109bdb00881f3bbaa818"},"headline":"Granadilla de Abona desarrolla un proyecto que refuerza la ciberseguridad de la red municipal","datePublished":"2023-10-16T14:18:21+00:00","dateModified":"2024-07-24T10:48:43+00:00","mainEntityOfPage":{"@id":"https:\/\/www.granadilladeabona.org\/buscador\/2023\/10\/16\/granadilla-de-abona-desarrolla-un-proyecto-que-refuerza-la-ciberseguridad-de-la-red-municipal\/"},"wordCount":441,"image":{"@id":"https:\/\/www.granadilladeabona.org\/buscador\/2023\/10\/16\/granadilla-de-abona-desarrolla-un-proyecto-que-refuerza-la-ciberseguridad-de-la-red-municipal\/#primaryimage"},"thumbnailUrl":"https:\/\/www.granadilladeabona.org\/buscador\/wp-content\/uploads\/sites\/2\/2024\/07\/Ayuntamiento-Granadilla-de-Abona-scaled.jpg","keywords":["Nuevas Tecnolog\u00edas"],"articleSection":["Destacados","En portada","Noticias"],"inLanguage":"es"},{"@type":"WebPage","@id":"https:\/\/www.granadilladeabona.org\/buscador\/2023\/10\/16\/granadilla-de-abona-desarrolla-un-proyecto-que-refuerza-la-ciberseguridad-de-la-red-municipal\/","url":"https:\/\/www.granadilladeabona.org\/buscador\/2023\/10\/16\/granadilla-de-abona-desarrolla-un-proyecto-que-refuerza-la-ciberseguridad-de-la-red-municipal\/","name":"Granadilla de Abona desarrolla un proyecto que refuerza la ciberseguridad de la red municipal - Buscador","isPartOf":{"@id":"https:\/\/www.granadilladeabona.org\/buscador\/#website"},"primaryImageOfPage":{"@id":"https:\/\/www.granadilladeabona.org\/buscador\/2023\/10\/16\/granadilla-de-abona-desarrolla-un-proyecto-que-refuerza-la-ciberseguridad-de-la-red-municipal\/#primaryimage"},"image":{"@id":"https:\/\/www.granadilladeabona.org\/buscador\/2023\/10\/16\/granadilla-de-abona-desarrolla-un-proyecto-que-refuerza-la-ciberseguridad-de-la-red-municipal\/#primaryimage"},"thumbnailUrl":"https:\/\/www.granadilladeabona.org\/buscador\/wp-content\/uploads\/sites\/2\/2024\/07\/Ayuntamiento-Granadilla-de-Abona-scaled.jpg","datePublished":"2023-10-16T14:18:21+00:00","dateModified":"2024-07-24T10:48:43+00:00","author":{"@id":"https:\/\/www.granadilladeabona.org\/buscador\/#\/schema\/person\/bda11592b4d8109bdb00881f3bbaa818"},"breadcrumb":{"@id":"https:\/\/www.granadilladeabona.org\/buscador\/2023\/10\/16\/granadilla-de-abona-desarrolla-un-proyecto-que-refuerza-la-ciberseguridad-de-la-red-municipal\/#breadcrumb"},"inLanguage":"es","potentialAction":[{"@type":"ReadAction","target":["https:\/\/www.granadilladeabona.org\/buscador\/2023\/10\/16\/granadilla-de-abona-desarrolla-un-proyecto-que-refuerza-la-ciberseguridad-de-la-red-municipal\/"]}]},{"@type":"ImageObject","inLanguage":"es","@id":"https:\/\/www.granadilladeabona.org\/buscador\/2023\/10\/16\/granadilla-de-abona-desarrolla-un-proyecto-que-refuerza-la-ciberseguridad-de-la-red-municipal\/#primaryimage","url":"https:\/\/www.granadilladeabona.org\/buscador\/wp-content\/uploads\/sites\/2\/2024\/07\/Ayuntamiento-Granadilla-de-Abona-scaled.jpg","contentUrl":"https:\/\/www.granadilladeabona.org\/buscador\/wp-content\/uploads\/sites\/2\/2024\/07\/Ayuntamiento-Granadilla-de-Abona-scaled.jpg","width":2560,"height":1707},{"@type":"BreadcrumbList","@id":"https:\/\/www.granadilladeabona.org\/buscador\/2023\/10\/16\/granadilla-de-abona-desarrolla-un-proyecto-que-refuerza-la-ciberseguridad-de-la-red-municipal\/#breadcrumb","itemListElement":[{"@type":"ListItem","position":1,"name":"Portada","item":"https:\/\/www.granadilladeabona.org\/buscador\/"},{"@type":"ListItem","position":2,"name":"Granadilla de Abona desarrolla un proyecto que refuerza la ciberseguridad de la red municipal"}]},{"@type":"WebSite","@id":"https:\/\/www.granadilladeabona.org\/buscador\/#website","url":"https:\/\/www.granadilladeabona.org\/buscador\/","name":"Buscador","description":"","potentialAction":[{"@type":"SearchAction","target":{"@type":"EntryPoint","urlTemplate":"https:\/\/www.granadilladeabona.org\/buscador\/?s={search_term_string}"},"query-input":{"@type":"PropertyValueSpecification","valueRequired":true,"valueName":"search_term_string"}}],"inLanguage":"es"},{"@type":"Person","@id":"https:\/\/www.granadilladeabona.org\/buscador\/#\/schema\/person\/bda11592b4d8109bdb00881f3bbaa818","name":"gparra","image":{"@type":"ImageObject","inLanguage":"es","@id":"https:\/\/www.granadilladeabona.org\/buscador\/#\/schema\/person\/image\/","url":"https:\/\/secure.gravatar.com\/avatar\/418afa75a57982eb7cc228ca01f2774e665ceccb7e15d7c52df80ef1e917e47b?s=96&d=mm&r=g","contentUrl":"https:\/\/secure.gravatar.com\/avatar\/418afa75a57982eb7cc228ca01f2774e665ceccb7e15d7c52df80ef1e917e47b?s=96&d=mm&r=g","caption":"gparra"},"url":"https:\/\/www.granadilladeabona.org\/buscador\/author\/gparra\/"}]}},"publishpress_future_action":{"enabled":false,"date":"2026-05-06 19:51:03","action":"change-status","newStatus":"draft","terms":[],"taxonomy":"category","extraData":[]},"publishpress_future_workflow_manual_trigger":{"enabledWorkflows":[]},"featured_image_thumbnail_url":"https:\/\/www.granadilladeabona.org\/buscador\/wp-content\/uploads\/sites\/2\/2024\/07\/Ayuntamiento-Granadilla-de-Abona-300x200.jpg","_links":{"self":[{"href":"https:\/\/www.granadilladeabona.org\/buscador\/wp-json\/wp\/v2\/posts\/6","targetHints":{"allow":["GET"]}}],"collection":[{"href":"https:\/\/www.granadilladeabona.org\/buscador\/wp-json\/wp\/v2\/posts"}],"about":[{"href":"https:\/\/www.granadilladeabona.org\/buscador\/wp-json\/wp\/v2\/types\/post"}],"author":[{"embeddable":true,"href":"https:\/\/www.granadilladeabona.org\/buscador\/wp-json\/wp\/v2\/users\/9"}],"replies":[{"embeddable":true,"href":"https:\/\/www.granadilladeabona.org\/buscador\/wp-json\/wp\/v2\/comments?post=6"}],"version-history":[{"count":0,"href":"https:\/\/www.granadilladeabona.org\/buscador\/wp-json\/wp\/v2\/posts\/6\/revisions"}],"wp:featuredmedia":[{"embeddable":true,"href":"https:\/\/www.granadilladeabona.org\/buscador\/wp-json\/wp\/v2\/media\/10"}],"wp:attachment":[{"href":"https:\/\/www.granadilladeabona.org\/buscador\/wp-json\/wp\/v2\/media?parent=6"}],"wp:term":[{"taxonomy":"category","embeddable":true,"href":"https:\/\/www.granadilladeabona.org\/buscador\/wp-json\/wp\/v2\/categories?post=6"},{"taxonomy":"post_tag","embeddable":true,"href":"https:\/\/www.granadilladeabona.org\/buscador\/wp-json\/wp\/v2\/tags?post=6"}],"curies":[{"name":"wp","href":"https:\/\/api.w.org\/{rel}","templated":true}]}}